{"id":1112,"date":"2021-02-21T22:26:35","date_gmt":"2021-02-21T22:26:35","guid":{"rendered":"https:\/\/javierjg.es\/blog\/?p=1112"},"modified":"2021-02-21T22:26:35","modified_gmt":"2021-02-21T22:26:35","slug":"lanzamiento-marca-personal-javierjg","status":"publish","type":"post","link":"https:\/\/javierjg.es\/blog\/lanzamiento-marca-personal-javierjg\/","title":{"rendered":"Lanzamiento Marca Personal JavierJG"},"content":{"rendered":"<h1>Lanzamiento Marca Personal JavierJG<\/h1>\n<p>&nbsp;<\/p>\n<h2><a href=\"https:\/\/javierjg.es\/blog\/perfil2021\/\" target=\"_blank\" rel=\"noopener\"><img loading=\"lazy\" decoding=\"async\" class=\"alignleft wp-image-1111 size-medium\" title=\"Lanzamiento Marca Personal JavierJG\" src=\"https:\/\/javierjg.es\/blog\/wp-content\/uploads\/2021\/02\/perfil2021-300x300.jpg\" alt=\"Lanzamiento Marca Personal JavierJG\" width=\"300\" height=\"300\" \/><\/a>PRESENTACI\u00d3N<\/h2>\n<p><span style=\"font-family: ABeeZee; font-size: 18px;\">Este 2021 ha nacido JavierJG, marca personal que re\u00fane toda mi experiencia en el mundo del Dise\u00f1o y Desarrollo Web desde el a\u00f1o 2004.<\/span><\/p>\n<p><span style=\"font-family: ABeeZee; font-size: 18px;\"> A los 16 a\u00f1os adquir\u00ed mi primer ordenador y ah\u00ed fue donde se abri\u00f3 este maravilloso mundo que es la Inform\u00e1tica.<\/span><\/p>\n<p><span style=\"font-family: ABeeZee; font-size: 18px;\">En el 2003 consegu\u00ed la certificaci\u00f3n de T\u00e9cnico en Reparaci\u00f3n y montaje de ordenadores, en la academia privada CAF Arcade M\u00e1laga.<\/span><\/p>\n<p><span style=\"font-family: ABeeZee; font-size: 18px;\">En el 2004 comenz\u00f3 mi andadura por el Dise\u00f1o Web, obteniendo el t\u00edtulo de T\u00e9cnico en Dise\u00f1o Web.<\/span><\/p>\n<p><span style=\"font-family: ABeeZee; font-size: 18px;\">Sobre el 2013 descubr\u00ed WordPress y me adentr\u00e9 en esta comunidad. A d\u00eda de hoy sigo usando WordPress para la mayor\u00eda de los dise\u00f1os y sobre todo para los blogs.<\/span><\/p>\n<p><span style=\"font-family: ABeeZee; font-size: 18px;\">En el Ciclo Formativo de Grado Superior que termin\u00e9 en el 2017 fue donde aprend\u00ed a programar en JavaScript y PHP, a dise\u00f1ar Bases de Datos con MySQL y a realizar proyectos con el Framework Laravel. <\/span><br \/>\n<span style=\"font-family: ABeeZee; font-size: 18px;\">Desde entonces sigo aprendiendo d\u00eda a d\u00eda de forma autodidacta.<\/span><\/p>\n<h2><\/h2>\n<h2>SLOGAN Y OBJETIVOS<\/h2>\n<p class=\"_04xlpA direction-ltr align-start para-style-body\"><span style=\"font-family: ABeeZee; font-size: 18px;\"><em><span class=\"JsGRdQ\">&lt;!&#8211; La vida ser\u00eda m\u00e1s f\u00e1cil si pudi\u00e9semos ver su C\u00f3digo Fuente. &#8211;&gt;<\/span><\/em><\/span><\/p>\n<p class=\"_04xlpA direction-ltr align-start para-style-body\"><span class=\"JsGRdQ\" style=\"font-family: ABeeZee; font-size: 18px;\">Slogan en el que se basa toda la filosof\u00eda principal de la Marca y con una clara intenci\u00f3n de presentar mi candidatura al mundo profesional a trav\u00e9s de la Programaci\u00f3n.<\/span><\/p>\n<p><a href=\"https:\/\/javierjg.es\/blog\/?attachment_id=1115\" target=\"_blank\" rel=\"noopener\"><img loading=\"lazy\" decoding=\"async\" class=\"aligncenter wp-image-1115 size-medium\" title=\"JavierJG - Codigo PHP\" src=\"https:\/\/javierjg.es\/blog\/wp-content\/uploads\/2021\/02\/Codigo2-164x300.png\" alt=\"JavierJG - Codigo PHP\" width=\"164\" height=\"300\" \/><\/a><\/p>\n<p><span class=\"JsGRdQ\" style=\"font-family: ABeeZee; font-size: 18px;\">Sin dejar de lado mi actual empleo como T\u00e9cnico Inform\u00e1tico y Desarrollador de aplicaciones web en <strong><a href=\"https:\/\/oasiswildlifefuerteventura.com\" target=\"_blank\" rel=\"noopener\">Oasis Wildlife Fuerteventura<\/a><\/strong>, este pasado a\u00f1o 2020 nos ha dejado claro que ,en cualquier momento, toda la estabilidad laboral que pensamos tener puede tambalearse.<\/span><\/p>\n<p class=\"_04xlpA direction-ltr align-start para-style-body\"><span class=\"JsGRdQ\" style=\"font-family: ABeeZee; font-size: 18px;\">Los meses de confinamiento me han hecho pensar mucho y me han surgido muchas ideas, las cuales quiero ir plasmando en este nuevo reto que supone ser un Profesional Freelance y por eso he decidido lanzar mi Marca Personal JavierJG<\/span><\/p>\n<p class=\"_04xlpA direction-ltr align-start para-style-body\"><span style=\"font-family: ABeeZee; font-size: 18px;\"><span class=\"JsGRdQ\">El primer objetivo de la marca es posicionarse como un referente profesional en el Dise\u00f1o y Desarrollo Web en Canarias (y el resto de Espa\u00f1a), y para lograrlo, en una primera fase ofrecer\u00e9 mis servicios a aquellas empresas y agencias de marketing que<\/span> <span class=\"JsGRdQ\">necesiten subcontratarlos. El resultado que quiero obtener con esta primera fase es labrarme un buen Portfolio de proyectos y un \u00abnombre\u00bb en este mundo del Dise\u00f1o y Desarrollo Web.<\/span><\/span><\/p>\n<p class=\"_04xlpA direction-ltr align-start para-style-body\"><span class=\"JsGRdQ\" style=\"font-family: ABeeZee; font-size: 18px;\">El siguiente objetivo ser\u00e1 la creaci\u00f3n de un Estudio de Programaci\u00f3n y Dise\u00f1o y expandirlo mundialmente.<\/span><\/p>\n<p class=\"_04xlpA direction-ltr align-start para-style-body\"><span class=\"JsGRdQ\" style=\"font-family: ABeeZee; font-size: 18px;\">\u00bfEstoy apuntando quiz\u00e1 demasiado alto? Pues claro que s\u00ed!<\/span><\/p>\n<p>&nbsp;<\/p>\n<p style=\"text-align: center;\"><span style=\"font-family: ABeeZee; font-size: 18px;\"><strong>Otros art\u00edculos:<\/strong><\/span><\/p>\n<p style=\"text-align: center;\"><span style=\"color: #0000ff; font-family: ABeeZee; font-size: 18px;\"><strong><a style=\"color: #0000ff;\" href=\"https:\/\/javierjg.es\/blog\/videoconferencias-de-codigo-abierto-con-jitsi\/\" target=\"_blank\" rel=\"noopener\">Videoconferencias de C\u00f3digo Abierto con Jitsi<\/a><\/strong><\/span><\/p>\n<p style=\"text-align: center;\"><span style=\"font-family: ABeeZee; font-size: 18px;\"><strong><a href=\"https:\/\/javierjg.es\/blog\/antivirus-eset-nod32-2021\/\">Antivirus ESET Nod32 100% Recomendado<\/a><\/strong><\/span><\/p>\n<p>&nbsp;<\/p>\n<h3><span style=\"font-family: ABeeZee;\">Libros recomendados:<\/span><\/h3>\n<p style=\"text-align: center;\"><span style=\"font-family: ABeeZee; font-size: 18px;\"><strong><a href=\"https:\/\/amzn.to\/2OsMeYU\" target=\"_blank\" rel=\"noopener noreferrer\">Aprende SQL en un fin de semana<\/a><\/strong><\/span><\/p>\n<p><a href=\"https:\/\/amzn.to\/2OsMeYU\" target=\"_blank\" rel=\"noopener noreferrer\"><img loading=\"lazy\" decoding=\"async\" class=\"aligncenter wp-image-676 size-medium\" title=\"Aprende SQL en un fin de semana\" src=\"https:\/\/javierjg.es\/blog\/wp-content\/uploads\/2017\/11\/Aprende_SQL-200x300.jpg\" alt=\"Aprende SQL en un fin de semana\" width=\"200\" height=\"300\" \/><\/a><\/p>\n<p style=\"text-align: center;\"><span style=\"font-family: ABeeZee; font-size: 18px;\"><strong><a href=\"https:\/\/amzn.to\/36uhzkL\" target=\"_blank\" rel=\"noopener\">Mo<\/a><\/strong><strong><a href=\"https:\/\/amzn.to\/36uhzkL\" target=\"_blank\" rel=\"noopener\">delos de Bases de Datos<\/a><\/strong><\/span><\/p>\n<p style=\"text-align: center;\"><a href=\"https:\/\/amzn.to\/36uhzkL\" target=\"_blank\" rel=\"noopener\"><img loading=\"lazy\" decoding=\"async\" class=\"aligncenter wp-image-1074 size-medium\" title=\"Modelos de Bases de Datos\" src=\"https:\/\/javierjg.es\/blog\/wp-content\/uploads\/2016\/09\/modelos-de-bases-de-datos-188x300.jpg\" alt=\"Modelos de Bases de Datos\" width=\"188\" height=\"300\" \/><\/a><\/p>\n<p style=\"text-align: center;\"><span style=\"font-family: ABeeZee; font-size: 18px;\"><a href=\"https:\/\/amzn.to\/37sQsXP\" target=\"_blank\" rel=\"noopener\">The Coder Habits: Los 39 h\u00e1bitos del programador profesional<\/a><\/span><\/p>\n<p style=\"text-align: center;\"><a href=\"https:\/\/amzn.to\/2NcwtpE\" target=\"_blank\" rel=\"noopener\"><img loading=\"lazy\" decoding=\"async\" class=\"aligncenter wp-image-1093 size-full\" title=\"The Coder Habits\" src=\"https:\/\/javierjg.es\/blog\/wp-content\/uploads\/2016\/09\/theCoderHabits.png\" alt=\"The Coder Habits\" width=\"262\" height=\"348\" \/><\/a><\/p>\n<p style=\"text-align: center;\"><span style=\"font-family: ABeeZee;\"><em>Lanzamiento Marca Personal JavierJG &#8211; Javier Jim\u00e9nez<\/em><\/span><\/p>\n<p>&nbsp;<\/p>\n","protected":false},"excerpt":{"rendered":"<p>Lanzamiento Marca Personal JavierJG &nbsp; PRESENTACI\u00d3N Este 2021 ha nacido JavierJG, marca personal que re\u00fane toda mi experiencia en el mundo del Dise\u00f1o y Desarrollo Web desde el a\u00f1o 2004. A los 16 a\u00f1os adquir\u00ed mi primer ordenador y ah\u00ed fue donde se abri\u00f3 este maravilloso mundo que es la Inform\u00e1tica. En el 2003 consegu\u00ed [&hellip;]<\/p>\n","protected":false},"author":1,"featured_media":603,"comment_status":"open","ping_status":"open","sticky":false,"template":"","format":"standard","meta":{"_et_pb_use_builder":"","_et_pb_old_content":"","_et_gb_content_width":"","_jetpack_memberships_contains_paid_content":false,"footnotes":""},"categories":[13],"tags":[43,44,66,69,103,108],"class_list":["post-1112","post","type-post","status-publish","format-standard","has-post-thumbnail","hentry","category-mis-trabajos","tag-branding","tag-branding-javierjg","tag-desarrollador-web","tag-disenador-web","tag-javierjg","tag-lanzamiento-marca-personal-javierjg"],"yoast_head":"<!-- This site is optimized with the Yoast SEO plugin v27.4 - https:\/\/yoast.com\/product\/yoast-seo-wordpress\/ -->\n<title>Lanzamiento Marca Personal JavierJG - JavierJG<\/title>\n<meta name=\"description\" content=\"Este 2021 ha nacido JavierJG, marca personal que re\u00fane toda mi experiencia en el mundo del Dise\u00f1o y Desarrollo Web desde el a\u00f1o 2004.\" \/>\n<meta name=\"robots\" content=\"index, follow, max-snippet:-1, max-image-preview:large, max-video-preview:-1\" \/>\n<link rel=\"canonical\" href=\"https:\/\/javierjg.es\/blog\/lanzamiento-marca-personal-javierjg\/\" \/>\n<meta property=\"og:locale\" content=\"es_ES\" \/>\n<meta property=\"og:type\" content=\"article\" \/>\n<meta property=\"og:title\" content=\"Lanzamiento Marca Personal JavierJG - JavierJG\" \/>\n<meta property=\"og:description\" content=\"Este 2021 ha nacido JavierJG, marca personal que re\u00fane toda mi experiencia en el mundo del Dise\u00f1o y Desarrollo Web desde el a\u00f1o 2004.\" \/>\n<meta property=\"og:url\" content=\"https:\/\/javierjg.es\/blog\/lanzamiento-marca-personal-javierjg\/\" \/>\n<meta property=\"og:site_name\" content=\"JavierJG\" \/>\n<meta property=\"article:publisher\" content=\"https:\/\/www.facebook.com\/javierjimenez.emprendedor\" \/>\n<meta property=\"article:author\" content=\"https:\/\/www.facebook.com\/javierjimenez.emprendedor\" \/>\n<meta property=\"article:published_time\" content=\"2021-02-21T22:26:35+00:00\" \/>\n<meta name=\"author\" content=\"JavierJG\" \/>\n<meta name=\"twitter:card\" content=\"summary_large_image\" \/>\n<meta name=\"twitter:creator\" content=\"@javiermonda\" \/>\n<meta name=\"twitter:site\" content=\"@javiermonda\" \/>\n<meta name=\"twitter:label1\" content=\"Escrito por\" \/>\n\t<meta name=\"twitter:data1\" content=\"JavierJG\" \/>\n\t<meta name=\"twitter:label2\" content=\"Tiempo de lectura\" \/>\n\t<meta name=\"twitter:data2\" content=\"3 minutos\" \/>\n<script type=\"application\/ld+json\" class=\"yoast-schema-graph\">{\"@context\":\"https:\\\/\\\/schema.org\",\"@graph\":[{\"@type\":\"Article\",\"@id\":\"https:\\\/\\\/javierjg.es\\\/blog\\\/lanzamiento-marca-personal-javierjg\\\/#article\",\"isPartOf\":{\"@id\":\"https:\\\/\\\/javierjg.es\\\/blog\\\/lanzamiento-marca-personal-javierjg\\\/\"},\"author\":{\"name\":\"JavierJG\",\"@id\":\"https:\\\/\\\/javierjg.es\\\/blog\\\/#\\\/schema\\\/person\\\/daf3e3ab7db4bf40e58d8ab3b495685e\"},\"headline\":\"Lanzamiento Marca Personal JavierJG\",\"datePublished\":\"2021-02-21T22:26:35+00:00\",\"mainEntityOfPage\":{\"@id\":\"https:\\\/\\\/javierjg.es\\\/blog\\\/lanzamiento-marca-personal-javierjg\\\/\"},\"wordCount\":474,\"commentCount\":1,\"publisher\":{\"@id\":\"https:\\\/\\\/javierjg.es\\\/blog\\\/#\\\/schema\\\/person\\\/daf3e3ab7db4bf40e58d8ab3b495685e\"},\"image\":{\"@id\":\"https:\\\/\\\/javierjg.es\\\/blog\\\/lanzamiento-marca-personal-javierjg\\\/#primaryimage\"},\"thumbnailUrl\":\"\",\"keywords\":[\"branding\",\"branding JavierJG\",\"desarrollador web\",\"dise\u00f1ador web\",\"javierjg\",\"Lanzamiento Marca Personal JavierJG\"],\"articleSection\":[\"Mis Trabajos y proyectos\"],\"inLanguage\":\"es\",\"potentialAction\":[{\"@type\":\"CommentAction\",\"name\":\"Comment\",\"target\":[\"https:\\\/\\\/javierjg.es\\\/blog\\\/lanzamiento-marca-personal-javierjg\\\/#respond\"]}]},{\"@type\":\"WebPage\",\"@id\":\"https:\\\/\\\/javierjg.es\\\/blog\\\/lanzamiento-marca-personal-javierjg\\\/\",\"url\":\"https:\\\/\\\/javierjg.es\\\/blog\\\/lanzamiento-marca-personal-javierjg\\\/\",\"name\":\"Lanzamiento Marca Personal JavierJG - JavierJG\",\"isPartOf\":{\"@id\":\"https:\\\/\\\/javierjg.es\\\/blog\\\/#website\"},\"primaryImageOfPage\":{\"@id\":\"https:\\\/\\\/javierjg.es\\\/blog\\\/lanzamiento-marca-personal-javierjg\\\/#primaryimage\"},\"image\":{\"@id\":\"https:\\\/\\\/javierjg.es\\\/blog\\\/lanzamiento-marca-personal-javierjg\\\/#primaryimage\"},\"thumbnailUrl\":\"\",\"datePublished\":\"2021-02-21T22:26:35+00:00\",\"description\":\"Este 2021 ha nacido JavierJG, marca personal que re\u00fane toda mi experiencia en el mundo del Dise\u00f1o y Desarrollo Web desde el a\u00f1o 2004.\",\"breadcrumb\":{\"@id\":\"https:\\\/\\\/javierjg.es\\\/blog\\\/lanzamiento-marca-personal-javierjg\\\/#breadcrumb\"},\"inLanguage\":\"es\",\"potentialAction\":[{\"@type\":\"ReadAction\",\"target\":[\"https:\\\/\\\/javierjg.es\\\/blog\\\/lanzamiento-marca-personal-javierjg\\\/\"]}]},{\"@type\":\"ImageObject\",\"inLanguage\":\"es\",\"@id\":\"https:\\\/\\\/javierjg.es\\\/blog\\\/lanzamiento-marca-personal-javierjg\\\/#primaryimage\",\"url\":\"\",\"contentUrl\":\"\"},{\"@type\":\"BreadcrumbList\",\"@id\":\"https:\\\/\\\/javierjg.es\\\/blog\\\/lanzamiento-marca-personal-javierjg\\\/#breadcrumb\",\"itemListElement\":[{\"@type\":\"ListItem\",\"position\":1,\"name\":\"Portada\",\"item\":\"https:\\\/\\\/javierjg.es\\\/blog\\\/\"},{\"@type\":\"ListItem\",\"position\":2,\"name\":\"Lanzamiento Marca Personal JavierJG\"}]},{\"@type\":\"WebSite\",\"@id\":\"https:\\\/\\\/javierjg.es\\\/blog\\\/#website\",\"url\":\"https:\\\/\\\/javierjg.es\\\/blog\\\/\",\"name\":\"JavierJG\",\"description\":\"Blog personal de JavierJG\",\"publisher\":{\"@id\":\"https:\\\/\\\/javierjg.es\\\/blog\\\/#\\\/schema\\\/person\\\/daf3e3ab7db4bf40e58d8ab3b495685e\"},\"alternateName\":\"Blog personal de JavierJG\",\"potentialAction\":[{\"@type\":\"SearchAction\",\"target\":{\"@type\":\"EntryPoint\",\"urlTemplate\":\"https:\\\/\\\/javierjg.es\\\/blog\\\/?s={search_term_string}\"},\"query-input\":{\"@type\":\"PropertyValueSpecification\",\"valueRequired\":true,\"valueName\":\"search_term_string\"}}],\"inLanguage\":\"es\"},{\"@type\":[\"Person\",\"Organization\"],\"@id\":\"https:\\\/\\\/javierjg.es\\\/blog\\\/#\\\/schema\\\/person\\\/daf3e3ab7db4bf40e58d8ab3b495685e\",\"name\":\"JavierJG\",\"image\":{\"@type\":\"ImageObject\",\"inLanguage\":\"es\",\"@id\":\"https:\\\/\\\/javierjg.es\\\/blog\\\/wp-content\\\/uploads\\\/2024\\\/01\\\/JavierJG_Perfil.jpg\",\"url\":\"https:\\\/\\\/javierjg.es\\\/blog\\\/wp-content\\\/uploads\\\/2024\\\/01\\\/JavierJG_Perfil.jpg\",\"contentUrl\":\"https:\\\/\\\/javierjg.es\\\/blog\\\/wp-content\\\/uploads\\\/2024\\\/01\\\/JavierJG_Perfil.jpg\",\"width\":958,\"height\":960,\"caption\":\"JavierJG\"},\"logo\":{\"@id\":\"https:\\\/\\\/javierjg.es\\\/blog\\\/wp-content\\\/uploads\\\/2024\\\/01\\\/JavierJG_Perfil.jpg\"},\"sameAs\":[\"https:\\\/\\\/javierjg.es\\\/blog\",\"https:\\\/\\\/www.facebook.com\\\/javierjimenez.emprendedor\",\"https:\\\/\\\/www.instagram.com\\\/javierjg.es\",\"https:\\\/\\\/www.linkedin.com\\\/in\\\/javierjg\\\/\",\"https:\\\/\\\/x.com\\\/javiermonda\"],\"url\":\"https:\\\/\\\/javierjg.es\\\/blog\\\/author\\\/platysendar\\\/\"}]}<\/script>\n<!-- \/ Yoast SEO plugin. -->","yoast_head_json":{"title":"Lanzamiento Marca Personal JavierJG - JavierJG","description":"Este 2021 ha nacido JavierJG, marca personal que re\u00fane toda mi experiencia en el mundo del Dise\u00f1o y Desarrollo Web desde el a\u00f1o 2004.","robots":{"index":"index","follow":"follow","max-snippet":"max-snippet:-1","max-image-preview":"max-image-preview:large","max-video-preview":"max-video-preview:-1"},"canonical":"https:\/\/javierjg.es\/blog\/lanzamiento-marca-personal-javierjg\/","og_locale":"es_ES","og_type":"article","og_title":"Lanzamiento Marca Personal JavierJG - JavierJG","og_description":"Este 2021 ha nacido JavierJG, marca personal que re\u00fane toda mi experiencia en el mundo del Dise\u00f1o y Desarrollo Web desde el a\u00f1o 2004.","og_url":"https:\/\/javierjg.es\/blog\/lanzamiento-marca-personal-javierjg\/","og_site_name":"JavierJG","article_publisher":"https:\/\/www.facebook.com\/javierjimenez.emprendedor","article_author":"https:\/\/www.facebook.com\/javierjimenez.emprendedor","article_published_time":"2021-02-21T22:26:35+00:00","author":"JavierJG","twitter_card":"summary_large_image","twitter_creator":"@javiermonda","twitter_site":"@javiermonda","twitter_misc":{"Escrito por":"JavierJG","Tiempo de lectura":"3 minutos"},"schema":{"@context":"https:\/\/schema.org","@graph":[{"@type":"Article","@id":"https:\/\/javierjg.es\/blog\/lanzamiento-marca-personal-javierjg\/#article","isPartOf":{"@id":"https:\/\/javierjg.es\/blog\/lanzamiento-marca-personal-javierjg\/"},"author":{"name":"JavierJG","@id":"https:\/\/javierjg.es\/blog\/#\/schema\/person\/daf3e3ab7db4bf40e58d8ab3b495685e"},"headline":"Lanzamiento Marca Personal JavierJG","datePublished":"2021-02-21T22:26:35+00:00","mainEntityOfPage":{"@id":"https:\/\/javierjg.es\/blog\/lanzamiento-marca-personal-javierjg\/"},"wordCount":474,"commentCount":1,"publisher":{"@id":"https:\/\/javierjg.es\/blog\/#\/schema\/person\/daf3e3ab7db4bf40e58d8ab3b495685e"},"image":{"@id":"https:\/\/javierjg.es\/blog\/lanzamiento-marca-personal-javierjg\/#primaryimage"},"thumbnailUrl":"","keywords":["branding","branding JavierJG","desarrollador web","dise\u00f1ador web","javierjg","Lanzamiento Marca Personal JavierJG"],"articleSection":["Mis Trabajos y proyectos"],"inLanguage":"es","potentialAction":[{"@type":"CommentAction","name":"Comment","target":["https:\/\/javierjg.es\/blog\/lanzamiento-marca-personal-javierjg\/#respond"]}]},{"@type":"WebPage","@id":"https:\/\/javierjg.es\/blog\/lanzamiento-marca-personal-javierjg\/","url":"https:\/\/javierjg.es\/blog\/lanzamiento-marca-personal-javierjg\/","name":"Lanzamiento Marca Personal JavierJG - JavierJG","isPartOf":{"@id":"https:\/\/javierjg.es\/blog\/#website"},"primaryImageOfPage":{"@id":"https:\/\/javierjg.es\/blog\/lanzamiento-marca-personal-javierjg\/#primaryimage"},"image":{"@id":"https:\/\/javierjg.es\/blog\/lanzamiento-marca-personal-javierjg\/#primaryimage"},"thumbnailUrl":"","datePublished":"2021-02-21T22:26:35+00:00","description":"Este 2021 ha nacido JavierJG, marca personal que re\u00fane toda mi experiencia en el mundo del Dise\u00f1o y Desarrollo Web desde el a\u00f1o 2004.","breadcrumb":{"@id":"https:\/\/javierjg.es\/blog\/lanzamiento-marca-personal-javierjg\/#breadcrumb"},"inLanguage":"es","potentialAction":[{"@type":"ReadAction","target":["https:\/\/javierjg.es\/blog\/lanzamiento-marca-personal-javierjg\/"]}]},{"@type":"ImageObject","inLanguage":"es","@id":"https:\/\/javierjg.es\/blog\/lanzamiento-marca-personal-javierjg\/#primaryimage","url":"","contentUrl":""},{"@type":"BreadcrumbList","@id":"https:\/\/javierjg.es\/blog\/lanzamiento-marca-personal-javierjg\/#breadcrumb","itemListElement":[{"@type":"ListItem","position":1,"name":"Portada","item":"https:\/\/javierjg.es\/blog\/"},{"@type":"ListItem","position":2,"name":"Lanzamiento Marca Personal JavierJG"}]},{"@type":"WebSite","@id":"https:\/\/javierjg.es\/blog\/#website","url":"https:\/\/javierjg.es\/blog\/","name":"JavierJG","description":"Blog personal de JavierJG","publisher":{"@id":"https:\/\/javierjg.es\/blog\/#\/schema\/person\/daf3e3ab7db4bf40e58d8ab3b495685e"},"alternateName":"Blog personal de JavierJG","potentialAction":[{"@type":"SearchAction","target":{"@type":"EntryPoint","urlTemplate":"https:\/\/javierjg.es\/blog\/?s={search_term_string}"},"query-input":{"@type":"PropertyValueSpecification","valueRequired":true,"valueName":"search_term_string"}}],"inLanguage":"es"},{"@type":["Person","Organization"],"@id":"https:\/\/javierjg.es\/blog\/#\/schema\/person\/daf3e3ab7db4bf40e58d8ab3b495685e","name":"JavierJG","image":{"@type":"ImageObject","inLanguage":"es","@id":"https:\/\/javierjg.es\/blog\/wp-content\/uploads\/2024\/01\/JavierJG_Perfil.jpg","url":"https:\/\/javierjg.es\/blog\/wp-content\/uploads\/2024\/01\/JavierJG_Perfil.jpg","contentUrl":"https:\/\/javierjg.es\/blog\/wp-content\/uploads\/2024\/01\/JavierJG_Perfil.jpg","width":958,"height":960,"caption":"JavierJG"},"logo":{"@id":"https:\/\/javierjg.es\/blog\/wp-content\/uploads\/2024\/01\/JavierJG_Perfil.jpg"},"sameAs":["https:\/\/javierjg.es\/blog","https:\/\/www.facebook.com\/javierjimenez.emprendedor","https:\/\/www.instagram.com\/javierjg.es","https:\/\/www.linkedin.com\/in\/javierjg\/","https:\/\/x.com\/javiermonda"],"url":"https:\/\/javierjg.es\/blog\/author\/platysendar\/"}]}},"jetpack_featured_media_url":"","jetpack_sharing_enabled":true,"_links":{"self":[{"href":"https:\/\/javierjg.es\/blog\/wp-json\/wp\/v2\/posts\/1112","targetHints":{"allow":["GET"]}}],"collection":[{"href":"https:\/\/javierjg.es\/blog\/wp-json\/wp\/v2\/posts"}],"about":[{"href":"https:\/\/javierjg.es\/blog\/wp-json\/wp\/v2\/types\/post"}],"author":[{"embeddable":true,"href":"https:\/\/javierjg.es\/blog\/wp-json\/wp\/v2\/users\/1"}],"replies":[{"embeddable":true,"href":"https:\/\/javierjg.es\/blog\/wp-json\/wp\/v2\/comments?post=1112"}],"version-history":[{"count":0,"href":"https:\/\/javierjg.es\/blog\/wp-json\/wp\/v2\/posts\/1112\/revisions"}],"wp:featuredmedia":[{"embeddable":true,"href":"https:\/\/javierjg.es\/blog\/wp-json\/"}],"wp:attachment":[{"href":"https:\/\/javierjg.es\/blog\/wp-json\/wp\/v2\/media?parent=1112"}],"wp:term":[{"taxonomy":"category","embeddable":true,"href":"https:\/\/javierjg.es\/blog\/wp-json\/wp\/v2\/categories?post=1112"},{"taxonomy":"post_tag","embeddable":true,"href":"https:\/\/javierjg.es\/blog\/wp-json\/wp\/v2\/tags?post=1112"}],"curies":[{"name":"wp","href":"https:\/\/api.w.org\/{rel}","templated":true}]}}